{"id":2091,"date":"2012-03-09T10:21:37","date_gmt":"2012-03-09T09:21:37","guid":{"rendered":"http:\/\/www.gunnarherrmann.de\/blog\/?p=2091"},"modified":"2012-03-11T16:36:07","modified_gmt":"2012-03-11T15:36:07","slug":"astrofotos-mit-der-canon450d-iso","status":"publish","type":"post","link":"http:\/\/www.gunnarherrmann.de\/blog\/astrofotos-mit-der-canon450d-iso\/","title":{"rendered":"Astrofotos mit der Canon450D &#8211; ISO"},"content":{"rendered":"<p>Gestern Abend sollten Polarlichter zu sehen sein. Leider war der Sturm doch nicht stark genug und der Vollmond war auch zu hell. Daf\u00fcr habe ich etlich Fotos vom Nachthimmel mit Wolken gemacht.<\/p>\n<p>F\u00fcr das n\u00e4chste Mal: Nachts nicht mehr als ISO 400 verwenden. Danach steigt das Farbrauschen f\u00fcr mich zu stark an.<\/p>\n","protected":false},"excerpt":{"rendered":"<p>Gestern Abend sollten Polarlichter zu sehen sein. Leider war der Sturm doch nicht stark genug und der Vollmond war auch zu hell. Daf\u00fcr habe ich etlich Fotos vom Nachthimmel mit Wolken gemacht. F\u00fcr das n\u00e4chste Mal: Nachts nicht mehr als &hellip; <a href=\"http:\/\/www.gunnarherrmann.de\/blog\/astrofotos-mit-der-canon450d-iso\/\">Weiterlesen <span class=\"meta-nav\">&rarr;<\/span><\/a><\/p>\n","protected":false},"author":2,"featured_media":0,"comment_status":"open","ping_status":"open","sticky":false,"template":"","format":"standard","meta":{"jetpack_post_was_ever_published":false,"footnotes":"","jetpack_publicize_message":"","jetpack_is_tweetstorm":false,"jetpack_publicize_feature_enabled":true,"jetpack_social_post_already_shared":false,"jetpack_social_options":{"image_generator_settings":{"template":"highway","enabled":false}}},"categories":[81],"tags":[360,97,208],"class_list":["post-2091","post","type-post","status-publish","format-standard","hentry","category-foto","tag-astronomie","tag-canon-450d","tag-farbrauschen"],"jetpack_publicize_connections":[],"yoast_head":"<!-- This site is optimized with the Yoast SEO plugin v20.8 - https:\/\/yoast.com\/wordpress\/plugins\/seo\/ -->\n<title>Astrofotos mit der Canon450D - ISO<\/title>\n<meta name=\"robots\" content=\"index, follow, max-snippet:-1, max-image-preview:large, max-video-preview:-1\" \/>\n<link rel=\"canonical\" href=\"http:\/\/www.gunnarherrmann.de\/blog\/astrofotos-mit-der-canon450d-iso\/\" \/>\n<meta property=\"og:locale\" content=\"de_DE\" \/>\n<meta property=\"og:type\" content=\"article\" \/>\n<meta property=\"og:title\" content=\"Astrofotos mit der Canon450D - ISO\" \/>\n<meta property=\"og:description\" content=\"Gestern Abend sollten Polarlichter zu sehen sein. Leider war der Sturm doch nicht stark genug und der Vollmond war auch zu hell. Daf\u00fcr habe ich etlich Fotos vom Nachthimmel mit Wolken gemacht. F\u00fcr das n\u00e4chste Mal: Nachts nicht mehr als &hellip; Weiterlesen &rarr;\" \/>\n<meta property=\"og:url\" content=\"http:\/\/www.gunnarherrmann.de\/blog\/astrofotos-mit-der-canon450d-iso\/\" \/>\n<meta property=\"og:site_name\" content=\"Gunnars Blog\" \/>\n<meta property=\"article:published_time\" content=\"2012-03-09T09:21:37+00:00\" \/>\n<meta property=\"article:modified_time\" content=\"2012-03-11T15:36:07+00:00\" \/>\n<meta name=\"author\" content=\"Gunnar\" \/>\n<meta name=\"twitter:label1\" content=\"Verfasst von\" \/>\n\t<meta name=\"twitter:data1\" content=\"Gunnar\" \/>\n<script type=\"application\/ld+json\" class=\"yoast-schema-graph\">{\"@context\":\"https:\/\/schema.org\",\"@graph\":[{\"@type\":\"WebPage\",\"@id\":\"http:\/\/www.gunnarherrmann.de\/blog\/astrofotos-mit-der-canon450d-iso\/\",\"url\":\"http:\/\/www.gunnarherrmann.de\/blog\/astrofotos-mit-der-canon450d-iso\/\",\"name\":\"Astrofotos mit der Canon450D - ISO\",\"isPartOf\":{\"@id\":\"http:\/\/www.gunnarherrmann.de\/blog\/#website\"},\"datePublished\":\"2012-03-09T09:21:37+00:00\",\"dateModified\":\"2012-03-11T15:36:07+00:00\",\"author\":{\"@id\":\"http:\/\/www.gunnarherrmann.de\/blog\/#\/schema\/person\/e331587b1d5e92c5aa8d462aee10d313\"},\"breadcrumb\":{\"@id\":\"http:\/\/www.gunnarherrmann.de\/blog\/astrofotos-mit-der-canon450d-iso\/#breadcrumb\"},\"inLanguage\":\"de\",\"potentialAction\":[{\"@type\":\"ReadAction\",\"target\":[\"http:\/\/www.gunnarherrmann.de\/blog\/astrofotos-mit-der-canon450d-iso\/\"]}]},{\"@type\":\"BreadcrumbList\",\"@id\":\"http:\/\/www.gunnarherrmann.de\/blog\/astrofotos-mit-der-canon450d-iso\/#breadcrumb\",\"itemListElement\":[{\"@type\":\"ListItem\",\"position\":1,\"name\":\"Home\",\"item\":\"http:\/\/www.gunnarherrmann.de\/blog\/\"},{\"@type\":\"ListItem\",\"position\":2,\"name\":\"Astrofotos mit der Canon450D &#8211; ISO\"}]},{\"@type\":\"WebSite\",\"@id\":\"http:\/\/www.gunnarherrmann.de\/blog\/#website\",\"url\":\"http:\/\/www.gunnarherrmann.de\/blog\/\",\"name\":\"Gunnars Blog\",\"description\":\"\",\"potentialAction\":[{\"@type\":\"SearchAction\",\"target\":{\"@type\":\"EntryPoint\",\"urlTemplate\":\"http:\/\/www.gunnarherrmann.de\/blog\/?s={search_term_string}\"},\"query-input\":\"required name=search_term_string\"}],\"inLanguage\":\"de\"},{\"@type\":\"Person\",\"@id\":\"http:\/\/www.gunnarherrmann.de\/blog\/#\/schema\/person\/e331587b1d5e92c5aa8d462aee10d313\",\"name\":\"Gunnar\",\"image\":{\"@type\":\"ImageObject\",\"inLanguage\":\"de\",\"@id\":\"http:\/\/www.gunnarherrmann.de\/blog\/#\/schema\/person\/image\/\",\"url\":\"https:\/\/secure.gravatar.com\/avatar\/082545518fa146361de48cf232262c9677f3aaeecf33c318963cca4efc88253d?s=96&d=mm&r=g\",\"contentUrl\":\"https:\/\/secure.gravatar.com\/avatar\/082545518fa146361de48cf232262c9677f3aaeecf33c318963cca4efc88253d?s=96&d=mm&r=g\",\"caption\":\"Gunnar\"},\"sameAs\":[\"http:\/\/www.gunnarherrmann.de\"]}]}<\/script>\n<!-- \/ Yoast SEO plugin. -->","yoast_head_json":{"title":"Astrofotos mit der Canon450D - ISO","robots":{"index":"index","follow":"follow","max-snippet":"max-snippet:-1","max-image-preview":"max-image-preview:large","max-video-preview":"max-video-preview:-1"},"canonical":"http:\/\/www.gunnarherrmann.de\/blog\/astrofotos-mit-der-canon450d-iso\/","og_locale":"de_DE","og_type":"article","og_title":"Astrofotos mit der Canon450D - ISO","og_description":"Gestern Abend sollten Polarlichter zu sehen sein. Leider war der Sturm doch nicht stark genug und der Vollmond war auch zu hell. Daf\u00fcr habe ich etlich Fotos vom Nachthimmel mit Wolken gemacht. F\u00fcr das n\u00e4chste Mal: Nachts nicht mehr als &hellip; Weiterlesen &rarr;","og_url":"http:\/\/www.gunnarherrmann.de\/blog\/astrofotos-mit-der-canon450d-iso\/","og_site_name":"Gunnars Blog","article_published_time":"2012-03-09T09:21:37+00:00","article_modified_time":"2012-03-11T15:36:07+00:00","author":"Gunnar","twitter_misc":{"Verfasst von":"Gunnar"},"schema":{"@context":"https:\/\/schema.org","@graph":[{"@type":"WebPage","@id":"http:\/\/www.gunnarherrmann.de\/blog\/astrofotos-mit-der-canon450d-iso\/","url":"http:\/\/www.gunnarherrmann.de\/blog\/astrofotos-mit-der-canon450d-iso\/","name":"Astrofotos mit der Canon450D - ISO","isPartOf":{"@id":"http:\/\/www.gunnarherrmann.de\/blog\/#website"},"datePublished":"2012-03-09T09:21:37+00:00","dateModified":"2012-03-11T15:36:07+00:00","author":{"@id":"http:\/\/www.gunnarherrmann.de\/blog\/#\/schema\/person\/e331587b1d5e92c5aa8d462aee10d313"},"breadcrumb":{"@id":"http:\/\/www.gunnarherrmann.de\/blog\/astrofotos-mit-der-canon450d-iso\/#breadcrumb"},"inLanguage":"de","potentialAction":[{"@type":"ReadAction","target":["http:\/\/www.gunnarherrmann.de\/blog\/astrofotos-mit-der-canon450d-iso\/"]}]},{"@type":"BreadcrumbList","@id":"http:\/\/www.gunnarherrmann.de\/blog\/astrofotos-mit-der-canon450d-iso\/#breadcrumb","itemListElement":[{"@type":"ListItem","position":1,"name":"Home","item":"http:\/\/www.gunnarherrmann.de\/blog\/"},{"@type":"ListItem","position":2,"name":"Astrofotos mit der Canon450D &#8211; ISO"}]},{"@type":"WebSite","@id":"http:\/\/www.gunnarherrmann.de\/blog\/#website","url":"http:\/\/www.gunnarherrmann.de\/blog\/","name":"Gunnars Blog","description":"","potentialAction":[{"@type":"SearchAction","target":{"@type":"EntryPoint","urlTemplate":"http:\/\/www.gunnarherrmann.de\/blog\/?s={search_term_string}"},"query-input":"required name=search_term_string"}],"inLanguage":"de"},{"@type":"Person","@id":"http:\/\/www.gunnarherrmann.de\/blog\/#\/schema\/person\/e331587b1d5e92c5aa8d462aee10d313","name":"Gunnar","image":{"@type":"ImageObject","inLanguage":"de","@id":"http:\/\/www.gunnarherrmann.de\/blog\/#\/schema\/person\/image\/","url":"https:\/\/secure.gravatar.com\/avatar\/082545518fa146361de48cf232262c9677f3aaeecf33c318963cca4efc88253d?s=96&d=mm&r=g","contentUrl":"https:\/\/secure.gravatar.com\/avatar\/082545518fa146361de48cf232262c9677f3aaeecf33c318963cca4efc88253d?s=96&d=mm&r=g","caption":"Gunnar"},"sameAs":["http:\/\/www.gunnarherrmann.de"]}]}},"jetpack_featured_media_url":"","jetpack_shortlink":"https:\/\/wp.me\/pyBmm-xJ","jetpack_sharing_enabled":true,"jetpack-related-posts":[{"id":1637,"url":"http:\/\/www.gunnarherrmann.de\/blog\/astrofotos-mit-teleskop-und-dslr\/","url_meta":{"origin":2091,"position":0},"title":"Jupiter mit Maksutov und DSLR fotografieren","date":"14. Januar 2012","format":false,"excerpt":"Ich schreibe hier keine Anleitung, wie man den Jupiter mit einem Teleskop gut fotografieren kann. Daf\u00fcr habe ich zu wenig Ahnung und die Voraussetzungen sind zu unterschiedlich. Was ich hier hingegen aufschreibe, sind meine Erfahrung, wie ich zu brauchbaren Bilder komme. Meine Bedingungen Ich wohne in Hamburg in der N\u00e4he\u2026","rel":"","context":"In &quot;Astronomie&quot;","img":{"alt_text":"","src":"https:\/\/i0.wp.com\/www.gunnarherrmann.de\/blog\/wp-content\/uploads\/2012\/01\/Jupiter_19_1_2013.jpg?resize=350%2C200","width":350,"height":200},"classes":[]},{"id":1848,"url":"http:\/\/www.gunnarherrmann.de\/blog\/wachsende-sternenspuren-erzeugen\/","url_meta":{"origin":2091,"position":1},"title":"Wachsende Sternenspuren erzeugen","date":"23. Januar 2012","format":false,"excerpt":"Zur Zeit probiere ich einen brauchbaren Weg zu finden. Deshalb \u00e4ndern sich hier regelm\u00e4\u00dfig etwas. Ergebnis: Sternspurvideo Eine Beschreibung bzw. Anleitung folgt, sobald ich wei\u00df, was ich mache. Der Ablauf ist f\u00fcr mich reproduzierbar. Bei einige Einstellung bin ich noch unsicher, was sinnvoll ist. Gro\u00dfe Probleme bereitete mir das Exportieren\u2026","rel":"","context":"In &quot;Astronomie&quot;","img":{"alt_text":"","src":"","width":0,"height":0},"classes":[]},{"id":1979,"url":"http:\/\/www.gunnarherrmann.de\/blog\/den-mond-fotografieren\/","url_meta":{"origin":2091,"position":2},"title":"Den Mond fotografieren","date":"15. Februar 2012","format":false,"excerpt":"Das Fotografieren von Himmelsobjekten ist leider nicht ganz trivial. Richtig fokussieren und die richtige Belichtungszeit finden ben\u00f6tigt Vorwissen und \u00dcbung. Anf\u00e4ngern wird h\u00e4ufig geraten, mit dem Mond zu beginnen. Wer nun erwartet, dass dies kinderleicht ist, wird entt\u00e4uscht werden. Dennoch eignet sich der Mond sehr gut f\u00fcr die ersten Versuche.\u2026","rel":"","context":"In &quot;Astronomie&quot;","img":{"alt_text":"","src":"https:\/\/i0.wp.com\/lh6.googleusercontent.com\/-AUiLoIJnwoo\/TzuIrTtNNwI\/AAAAAAAAD0Q\/njKWJPqRTPU\/s288\/2012-02-15-07.19.jpg?resize=350%2C200&ssl=1","width":350,"height":200},"classes":[]},{"id":1808,"url":"http:\/\/www.gunnarherrmann.de\/blog\/zeitrafferaufnahmen-vom-sternenhimmel\/","url_meta":{"origin":2091,"position":3},"title":"Zeitrafferaufnahmen vom Sternenhimmel","date":"22. Januar 2012","format":false,"excerpt":"Stefan Gotthold hat mich gefragt, ob ich die Daten zu meinen Zeitrafferaufnahmen irgendwo aufgeschrieben h\u00e4tte. Erschreckenderweise habe ich das nicht getan und die beiden Videos hier auch gar nicht verlinkt. Warum wei\u00df ich nicht! Ich vermutet mal, ich wollte an den folgenden Tage weitere Aufnahmen machen und dann hat das\u2026","rel":"","context":"In &quot;Astronomie&quot;","img":{"alt_text":"","src":"","width":0,"height":0},"classes":[]},{"id":1286,"url":"http:\/\/www.gunnarherrmann.de\/blog\/astrofotos\/","url_meta":{"origin":2091,"position":4},"title":"Astrofotos","date":"2. Oktober 2011","format":false,"excerpt":"Nachdem ich mich in den letzten Wochen mit dem Erstellen von Fotos und Videos des Nachthimmel besch\u00e4ftigt habe, kommt hier eine kleine Diashow mit den Ergebnissen:","rel":"","context":"In &quot;Foto&quot;","img":{"alt_text":"","src":"","width":0,"height":0},"classes":[]},{"id":935,"url":"http:\/\/www.gunnarherrmann.de\/blog\/asuan-agypten-bei-nacht\/","url_meta":{"origin":2091,"position":5},"title":"Asuan (\u00c4gypten) bei Nacht","date":"7. November 2010","format":false,"excerpt":"In \u00c4gypten wird auch nachts nicht unbedingt das Abblendlicht verwendet. Daf\u00fcr ist es drau\u00dfen um so dunkler. Von \u00c4gypten","rel":"","context":"In &quot;Foto&quot;","img":{"alt_text":"","src":"https:\/\/i0.wp.com\/lh4.ggpht.com\/_1QP03r6J_PM\/TMGuTuz4-4I\/AAAAAAAACOY\/j53vDUOl76g\/s400\/driving.jpg?resize=350%2C200","width":350,"height":200},"classes":[]}],"jetpack_likes_enabled":true,"_links":{"self":[{"href":"http:\/\/www.gunnarherrmann.de\/blog\/wp-json\/wp\/v2\/posts\/2091","targetHints":{"allow":["GET"]}}],"collection":[{"href":"http:\/\/www.gunnarherrmann.de\/blog\/wp-json\/wp\/v2\/posts"}],"about":[{"href":"http:\/\/www.gunnarherrmann.de\/blog\/wp-json\/wp\/v2\/types\/post"}],"author":[{"embeddable":true,"href":"http:\/\/www.gunnarherrmann.de\/blog\/wp-json\/wp\/v2\/users\/2"}],"replies":[{"embeddable":true,"href":"http:\/\/www.gunnarherrmann.de\/blog\/wp-json\/wp\/v2\/comments?post=2091"}],"version-history":[{"count":0,"href":"http:\/\/www.gunnarherrmann.de\/blog\/wp-json\/wp\/v2\/posts\/2091\/revisions"}],"wp:attachment":[{"href":"http:\/\/www.gunnarherrmann.de\/blog\/wp-json\/wp\/v2\/media?parent=2091"}],"wp:term":[{"taxonomy":"category","embeddable":true,"href":"http:\/\/www.gunnarherrmann.de\/blog\/wp-json\/wp\/v2\/categories?post=2091"},{"taxonomy":"post_tag","embeddable":true,"href":"http:\/\/www.gunnarherrmann.de\/blog\/wp-json\/wp\/v2\/tags?post=2091"}],"curies":[{"name":"wp","href":"https:\/\/api.w.org\/{rel}","templated":true}]}}